{"id":277,"date":"2017-04-04T20:55:26","date_gmt":"2017-04-04T17:55:26","guid":{"rendered":"http:\/\/parnu.waf.ee\/?p=277"},"modified":"2017-04-05T21:29:58","modified_gmt":"2017-04-05T18:29:58","slug":"festival-koolitants-2017-finaal","status":"publish","type":"post","link":"https:\/\/parnu.waf.ee\/dance\/dance\/festival-koolitants-2017-finaal\/","title":{"rendered":"Festival Koolitants 2017 finaal"},"content":{"rendered":"<div class=\"_1dwg _1w_m _2ph_\">\n<div>\n<div id=\"js_478\" class=\"_5pbx userContent\" data-ft=\"{&quot;tn&quot;:&quot;K&quot;}\">\n<p>Festival Koolitants 2017\u00a0on selleks korraks l\u00f5ppenud. Paide Kultuurikeskuses toimunud finaalkontsertilt saabusime heade\u00a0emotsioonidega.<\/p>\n<p>&nbsp;<\/p>\n<p>Tantsukool WAF Dance&#8217;i\u00a0suurep\u00e4rased tulemused :<\/p>\n<p>&nbsp;<\/p>\n<p>Estraaditants 6-9 klass Laureaat &#8220;Kus on Kodu&#8221; &#8211; autor Ann-Marii Reiv\u00e4li<\/p>\n<p>T\u00e4navatants 4-7 klass Laureaat\u00a0&#8220;Vaimudest viidud&#8221; &#8211; autor Markus Monak<\/p>\n<p>Showtants 6-9 klass Nominent\u00a0&#8220;Apocalypto&#8221; &#8211; autor Ann-Marii Reiv\u00e4li<\/p>\n<p>&nbsp;<\/p>\n<p>Carolina-WAF \u00fchisprojektid:<\/p>\n<p>&nbsp;<\/p>\n<p>Vabatants 10-12 klass Nominent &#8220;Elu r\u00f6\u00f6pad&#8221; &#8211; autor Markus Monak<\/p>\n<p>T\u00e4navatants 10-12 klass Nominent &#8220;Huda&#8221; &#8211;\u00a0autor Markus Monak<\/p>\n<p>Showtants 4-7 klass Nominent &#8220;Staari pisarad&#8221; autor Markus Monak<\/p>\n<p>&nbsp;<\/p>\n<p>Oli suurep\u00e4rane festival ja \u00f5nnitleme k\u00f5iki v\u00f5itjaid !<\/p>\n<\/div>\n<\/div>\n<div>\n<div><\/div>\n<\/div>\n<\/div>\n<div>\n<form id=\"u_8j_h\" class=\"commentable_item\" action=\"https:\/\/www.facebook.com\/ajax\/ufi\/modify.php\" method=\"post\" data-ft=\"{&quot;tn&quot;:&quot;]&quot;}\">\n<div class=\"_sa_ _4duv _5vsi _192z\">\n<div class=\"_37uu\">\n<div class=\"_3399 _a7s clearfix _zw3\">\n<div class=\"_3m9g\">\n<div class=\"_40yk _pbn\"><span class=\"_6vh\" data-testid=\"actor-selector\" data-interaction-root-id=\"_3r_r\"><span data-hover=\"tooltip\" data-tooltip-content=\"Liking and commenting as Markus Monak\">\u00a0<\/span><\/span><\/div>\n<\/div>\n<div class=\"_524d\"><\/div>\n<\/div>\n<\/div>\n<\/div>\n<\/form>\n<\/div>\n","protected":false},"excerpt":{"rendered":"<p>Festival Koolitants 2017\u00a0on selleks korraks l\u00f5ppenud. Paide Kultuurikeskuses toimunud finaalkontsertilt saabusime heade\u00a0emotsioonidega. &nbsp; Tantsukool WAF Dance&#8217;i\u00a0suurep\u00e4rased tulemused : &nbsp; Estraaditants 6-9 klass [&hellip;]<\/p>\n","protected":false},"author":3,"featured_media":278,"comment_status":"closed","ping_status":"open","sticky":false,"template":"","format":"standard","meta":{"footnotes":""},"categories":[1],"tags":[],"class_list":["post-277","post","type-post","status-publish","format-standard","has-post-thumbnail","hentry","category-dance"],"_links":{"self":[{"href":"https:\/\/parnu.waf.ee\/dance\/wp-json\/wp\/v2\/posts\/277","targetHints":{"allow":["GET"]}}],"collection":[{"href":"https:\/\/parnu.waf.ee\/dance\/wp-json\/wp\/v2\/posts"}],"about":[{"href":"https:\/\/parnu.waf.ee\/dance\/wp-json\/wp\/v2\/types\/post"}],"author":[{"embeddable":true,"href":"https:\/\/parnu.waf.ee\/dance\/wp-json\/wp\/v2\/users\/3"}],"replies":[{"embeddable":true,"href":"https:\/\/parnu.waf.ee\/dance\/wp-json\/wp\/v2\/comments?post=277"}],"version-history":[{"count":5,"href":"https:\/\/parnu.waf.ee\/dance\/wp-json\/wp\/v2\/posts\/277\/revisions"}],"predecessor-version":[{"id":306,"href":"https:\/\/parnu.waf.ee\/dance\/wp-json\/wp\/v2\/posts\/277\/revisions\/306"}],"wp:featuredmedia":[{"embeddable":true,"href":"https:\/\/parnu.waf.ee\/dance\/wp-json\/wp\/v2\/media\/278"}],"wp:attachment":[{"href":"https:\/\/parnu.waf.ee\/dance\/wp-json\/wp\/v2\/media?parent=277"}],"wp:term":[{"taxonomy":"category","embeddable":true,"href":"https:\/\/parnu.waf.ee\/dance\/wp-json\/wp\/v2\/categories?post=277"},{"taxonomy":"post_tag","embeddable":true,"href":"https:\/\/parnu.waf.ee\/dance\/wp-json\/wp\/v2\/tags?post=277"}],"curies":[{"name":"wp","href":"https:\/\/api.w.org\/{rel}","templated":true}]}}